{"id":349,"date":"2021-04-22T13:00:38","date_gmt":"2021-04-22T13:00:38","guid":{"rendered":"https:\/\/www.hjulonline.se\/blog\/?p=349"},"modified":"2021-09-21T07:31:53","modified_gmt":"2021-09-21T07:31:53","slug":"sommardack-datum","status":"publish","type":"post","link":"https:\/\/www.hjulonline.se\/blog\/sommardack-datum\/","title":{"rendered":"Sommard\u00e4ck datum &#8211; vad g\u00e4ller?"},"content":{"rendered":"<p>[et_pb_section fb_built=&#8221;1&#8243; admin_label=&#8221;Header&#8221; _builder_version=&#8221;4.9.4&#8243; use_background_color_gradient=&#8221;on&#8221; background_color_gradient_start=&#8221;rgba(23,0,190,0.3)&#8221; background_color_gradient_end=&#8221;rgba(23,0,190,0.9)&#8221; background_color_gradient_end_position=&#8221;64%&#8221; background_color_gradient_overlays_image=&#8221;on&#8221; background_image=&#8221;https:\/\/www.hjulonline.se\/blog\/wp-content\/uploads\/2021\/04\/dack.jpg&#8221; custom_padding=&#8221;10vw||||false|false&#8221;][et_pb_row _builder_version=&#8221;4.9.4&#8243; z_index=&#8221;10&#8243; max_width=&#8221;none&#8221;][et_pb_column type=&#8221;4_4&#8243; _builder_version=&#8221;4.9.4&#8243;][et_pb_text _builder_version=&#8221;4.9.4&#8243; text_font_size=&#8221;16px&#8221; text_line_height=&#8221;1.8em&#8221; header_font=&#8221;Kanit|700|||||||&#8221; header_font_size=&#8221;42px&#8221; background_layout=&#8221;dark&#8221; width=&#8221;70%&#8221; header_font_size_tablet=&#8221;&#8221; header_font_size_phone=&#8221;42px&#8221; header_font_size_last_edited=&#8221;on|tablet&#8221;]<\/p>\n<h1>Sommard\u00e4ck datum &#8211; vad g\u00e4ller 2021?<\/h1>\n<p>[\/et_pb_text][et_pb_text _builder_version=&#8221;4.9.4&#8243; text_font_size=&#8221;16px&#8221; text_line_height=&#8221;1.8em&#8221; background_layout=&#8221;dark&#8221; max_width=&#8221;600px&#8221;]<\/p>\n<p>Rekommendationen p\u00e5 att byta till sommard\u00e4ck \u00e4r 15 april. Har du vinterd\u00e4ck efter 15 april riskerar du att f\u00e5 b\u00f6ter.<\/p>\n<p>[\/et_pb_text][et_pb_button button_url=&#8221;https:\/\/www.hjulonline.se\/kontakt&#8221; button_text=&#8221;Boka tid&#8221; _builder_version=&#8221;4.9.4&#8243; custom_button=&#8221;on&#8221; button_text_color=&#8221;#1700bd&#8221; button_bg_color=&#8221;#ffffff&#8221; button_border_color=&#8221;rgba(0,0,0,0)&#8221; button_border_radius=&#8221;0px&#8221; button_font=&#8221;Kanit|700|||||||&#8221; button_icon=&#8221;%%3%%&#8221; background_layout=&#8221;dark&#8221; custom_padding=&#8221;15px|40px|15px|40px|true|true&#8221; locked=&#8221;off&#8221;][\/et_pb_button][\/et_pb_column][\/et_pb_row][\/et_pb_section][et_pb_section fb_built=&#8221;1&#8243; custom_padding_last_edited=&#8221;on|tablet&#8221; admin_label=&#8221;About&#8221; _builder_version=&#8221;4.9.4&#8243; background_enable_color=&#8221;off&#8221; use_background_color_gradient=&#8221;on&#8221; background_color_gradient_start=&#8221;rgba(255,255,255,0)&#8221; background_color_gradient_end=&#8221;#ffffff&#8221; background_color_gradient_direction=&#8221;135deg&#8221; background_color_gradient_start_position=&#8221;50%&#8221; background_color_gradient_end_position=&#8221;0%&#8221; background_enable_image=&#8221;off&#8221; background_position=&#8221;top_left&#8221; custom_padding=&#8221;0px|||||&#8221; custom_padding_tablet=&#8221;||||false|false&#8221; custom_padding_phone=&#8221;&#8221; background_last_edited=&#8221;on|tablet&#8221; background_color_gradient_start_position_tablet=&#8221;32%&#8221;][et_pb_row _builder_version=&#8221;4.9.4&#8243; _module_preset=&#8221;default&#8221;][et_pb_column type=&#8221;4_4&#8243; _builder_version=&#8221;4.9.4&#8243; _module_preset=&#8221;default&#8221;][et_pb_text _builder_version=&#8221;4.9.4&#8243; _module_preset=&#8221;default&#8221; hover_enabled=&#8221;0&#8243; sticky_enabled=&#8221;0&#8243;]<\/p>\n<div id=\"ez-toc-container\" class=\"ez-toc-v2_0_17 counter-flat ez-toc-white\">\n<div class=\"ez-toc-title-container\">\n<p class=\"ez-toc-title\">Snabbmeny<\/p>\n<span class=\"ez-toc-title-toggle\"><\/span><\/div>\n<nav><ul class=\"ez-toc-list ez-toc-list-level-1\"><li class=\"ez-toc-page-1\"><a class=\"ez-toc-link ez-toc-heading-1\" href=\"https:\/\/www.hjulonline.se\/blog\/sommardack-datum\/#varfor_finns_sommardack_lagen\" title=\"Varf\u00f6r finns sommard\u00e4ck lagen?\">Varf\u00f6r finns sommard\u00e4ck lagen?<\/a><\/li><li class=\"ez-toc-page-1\"><a class=\"ez-toc-link ez-toc-heading-2\" href=\"https:\/\/www.hjulonline.se\/blog\/sommardack-datum\/#varfor_maste_man_byta_enligt_datumen\" title=\"Varf\u00f6r m\u00e5ste man byta enligt datumen?\">Varf\u00f6r m\u00e5ste man byta enligt datumen?<\/a><\/li><li class=\"ez-toc-page-1\"><a class=\"ez-toc-link ez-toc-heading-3\" href=\"https:\/\/www.hjulonline.se\/blog\/sommardack-datum\/#nar_bor_man_byta_sommardacken\" title=\"N\u00e4r b\u00f6r man byta sommard\u00e4cken?\">N\u00e4r b\u00f6r man byta sommard\u00e4cken?<\/a><\/li><li class=\"ez-toc-page-1\"><a class=\"ez-toc-link ez-toc-heading-4\" href=\"https:\/\/www.hjulonline.se\/blog\/sommardack-datum\/#hur_lite_monsterdjup_ar_godkant\" title=\"Hur lite m\u00f6nsterdjup \u00e4r godk\u00e4nt?\">Hur lite m\u00f6nsterdjup \u00e4r godk\u00e4nt?<\/a><\/li><li class=\"ez-toc-page-1\"><a class=\"ez-toc-link ez-toc-heading-5\" href=\"https:\/\/www.hjulonline.se\/blog\/sommardack-datum\/#risken_for_vattenplaning_minskar_med_bra_dack\" title=\"Risken f\u00f6r vattenplaning minskar med bra d\u00e4ck\">Risken f\u00f6r vattenplaning minskar med bra d\u00e4ck<\/a><\/li><li class=\"ez-toc-page-1\"><a class=\"ez-toc-link ez-toc-heading-6\" href=\"https:\/\/www.hjulonline.se\/blog\/sommardack-datum\/#vilket_lufttryck_bor_jag_ha\" title=\"Vilket lufttryck b\u00f6r jag ha?\">Vilket lufttryck b\u00f6r jag ha?<\/a><\/li><\/ul><\/nav><\/div>\n<h2><span class=\"ez-toc-section\" id=\"varfor_finns_sommardack_lagen\"><\/span>Varf\u00f6r finns sommard\u00e4ck lagen?<span class=\"ez-toc-section-end\"><\/span><\/h2>\n<div>I Sverige \u00e4r det lag p\u00e5 att byta till vinterd\u00e4ck eftersom det kan vara en livsfara att k\u00f6ra med sommard\u00e4ck p\u00e5 vintern. Det finns dock ingen lag p\u00e5 att man f\u00e5r k\u00f6ra med vinterd\u00e4ck p\u00e5 sommaren, d\u00e4remot finns det gator i Sverige d\u00e4r det \u00e4r dubbd\u00e4cksf\u00f6rbud.<\/div>\n<div>\u00a0<\/div>\n<blockquote>\n<div>K\u00f6rning med dubbd\u00e4ck under otill\u00e5ten tidsperiod (16 april \u2013 30 september om ej vinterv\u00e4glag r\u00e5der) &#8211; Lawline<\/div>\n<\/blockquote>\n<div>\u00a0<\/div>\n<h3><span class=\"ez-toc-section\" id=\"varfor_maste_man_byta_enligt_datumen\"><\/span>Varf\u00f6r m\u00e5ste man byta enligt datumen?<span class=\"ez-toc-section-end\"><\/span><\/h3>\n<div>Det \u00e4r dock en rekommendation att byta till sommard\u00e4ck p\u00e5 sommaren eftersom dubbd\u00e4ck sliter p\u00e5 gatorna, varf\u00f6r det \u00e4r dubbd\u00e4cksf\u00f6rbud p\u00e5 vissa st\u00e4llen.<\/div>\n<div>\u00a0<\/div>\n<div>Dessutom sliter man mer p\u00e5 vinterd\u00e4cken om man k\u00f6r med de p\u00e5 sommaren eftersom de \u00e4r utformade f\u00f6r att k\u00f6ra p\u00e5 is och sn\u00f6 (d\u00e4rav sommard\u00e4ck datum).<\/div>\n<div>\u00a0<\/div>\n<div><a href=\"https:\/\/hjulonline.se\/sommardack\">Sommard\u00e4ck<\/a> \u00e4r utformade f\u00f6r att k\u00f6ra under v\u00e5r &#8211; och sommarperioderna och d\u00e4rf\u00f6r b\u00f6r man byta till sommard\u00e4ck n\u00e4r det r\u00e5der v\u00e5r och sommar.<\/div>\n<div>\u00a0<\/div>\n<h3><span class=\"ez-toc-section\" id=\"nar_bor_man_byta_sommardacken\"><\/span>N\u00e4r b\u00f6r man byta sommard\u00e4cken?<span class=\"ez-toc-section-end\"><\/span><\/h3>\n<div>\n<p>Rekommendationen p\u00e5 att byta till sommard\u00e4ck \u00e4r fr\u00e5n <a href=\"https:\/\/ntf.se\/fragor-och-svar\/bilar\/dack\/nar-kan-jag-satta-pa-sommardacken\/\">15 april<\/a>, det f\u00f6ruts\u00e4tter givetvis att det inte \u00e4r is och sn\u00f6 kvar p\u00e5 v\u00e4garna. <a href=\"https:\/\/polisen.se\/lagar-och-regler\/trafik-och-fordon\/vinter--och-sommardack\/\">Lagen<\/a> om vinterd\u00e4ck s\u00e4ger att man m\u00e5ste ha vinterd\u00e4ck p\u00e5 bilen fr\u00e5n 1 december till och med 31 mars, om det inte r\u00e5der vinterv\u00e4glag. Om det fortfarande \u00e4r vinter efter 31 mars f\u00e5r man givetvis beh\u00e5lla vinterd\u00e4cken p\u00e5.<\/p>\n<h3><span class=\"ez-toc-section\" id=\"hur_lite_monsterdjup_ar_godkant\"><\/span>Hur lite m\u00f6nsterdjup \u00e4r godk\u00e4nt?<span class=\"ez-toc-section-end\"><\/span><\/h3>\n<p>F\u00f6rutom att sommard\u00e4cken \u00e4r utformade att k\u00f6ra med under sommaren, s\u00e5 f\u00e5r man ocks\u00e5 en l\u00e4ttare och behagligare k\u00f6rning med sommard\u00e4cken p\u00e5. Ett sommard\u00e4ck m\u00e5ste minst ha 1,6 millimeter f\u00f6r att det ska vara godk\u00e4nt enligt lag. Men rekommendationen \u00e4r att man har 3 millimeter i m\u00f6nsterdjup f\u00f6r att f\u00e5 en optimal k\u00f6rning. Ju b\u00e4ttre m\u00f6nsterdjup desto b\u00e4ttre grepp f\u00e5r man om v\u00e4garna, det resulterar i en s\u00e4krare och bekv\u00e4mare k\u00f6rning.<\/p>\n<\/div>\n<div>\u00a0<\/div>\n<h3><span class=\"ez-toc-section\" id=\"risken_for_vattenplaning_minskar_med_bra_dack\"><\/span>Risken f\u00f6r vattenplaning minskar med bra d\u00e4ck<span class=\"ez-toc-section-end\"><\/span><\/h3>\n<div>\u00a0<\/div>\n<div>Dessutom minskar risken till att man kan f\u00e5 vattenplaning n\u00e4r man k\u00f6r om man har ett bredare m\u00f6nsterdjup p\u00e5 d\u00e4cken. Det \u00e4r ocks\u00e5 bra att h\u00e5lla koll p\u00e5 d\u00e4ckens lufttryck eftersom de ocks\u00e5 bidrar till b\u00e5de k\u00f6rning och milj\u00f6n, samt den personliga ekonomin.<\/div>\n<div>\u00a0<\/div>\n<h4><span class=\"ez-toc-section\" id=\"vilket_lufttryck_bor_jag_ha\"><\/span>Vilket lufttryck b\u00f6r jag ha?<span class=\"ez-toc-section-end\"><\/span><\/h4>\n<div>Man rekommenderar att ha lite mer luft i d\u00e4cken \u00e4n vad som s\u00e4gs eftersom det har visat ge b\u00e4st effekt. Men det \u00e4r allts\u00e5 bra att kolla luften med j\u00e4mna mellanrum, p\u00e5 s\u00e5 s\u00e4tt kan man ocks\u00e5 uppt\u00e4cka om man exempelvis har pyspunka.<\/div>\n<div>\u00a0<\/div>\n<p>[\/et_pb_text][\/et_pb_column][\/et_pb_row][\/et_pb_section]<\/p>\n","protected":false},"excerpt":{"rendered":"<p>[et_pb_section fb_built=&#8221;1&#8243; admin_label=&#8221;Header&#8221; _builder_version=&#8221;4.9.4&#8243; use_background_color_gradient=&#8221;on&#8221; background_color_gradient_start=&#8221;rgba(23,0,190,0.3)&#8221; background_color_gradient_end=&#8221;rgba(23,0,190,0.9)&#8221; background_color_gradient_end_position=&#8221;64%&#8221; background_color_gradient_overlays_image=&#8221;on&#8221; background_image=&#8221;https:\/\/www.hjulonline.se\/blog\/wp-content\/uploads\/2021\/04\/dack.jpg&#8221; custom_padding=&#8221;10vw||||false|false&#8221;][et_pb_row _builder_version=&#8221;4.9.4&#8243; z_index=&#8221;10&#8243; max_width=&#8221;none&#8221;][et_pb_column type=&#8221;4_4&#8243; _builder_version=&#8221;4.9.4&#8243;][et_pb_text _builder_version=&#8221;4.9.4&#8243; text_font_size=&#8221;16px&#8221; text_line_height=&#8221;1.8em&#8221; header_font=&#8221;Kanit|700|||||||&#8221; header_font_size=&#8221;42px&#8221; background_layout=&#8221;dark&#8221; width=&#8221;70%&#8221; header_font_size_tablet=&#8221;&#8221; header_font_size_phone=&#8221;42px&#8221; header_font_size_last_edited=&#8221;on|tablet&#8221;] Sommard\u00e4ck datum &#8211; vad g\u00e4ller 2021? [\/et_pb_text][et_pb_text _builder_version=&#8221;4.9.4&#8243; text_font_size=&#8221;16px&#8221; text_line_height=&#8221;1.8em&#8221; background_layout=&#8221;dark&#8221; max_width=&#8221;600px&#8221;] Rekommendationen p\u00e5 att byta till sommard\u00e4ck \u00e4r 15 april. Har du vinterd\u00e4ck efter 15 april riskerar du [&hellip;]<\/p>\n","protected":false},"author":1,"featured_media":245,"comment_status":"open","ping_status":"open","sticky":false,"template":"","format":"standard","meta":{"_et_pb_use_builder":"on","_et_pb_old_content":"","_et_gb_content_width":""},"categories":[3],"tags":[],"yoast_head":"<!-- This site is optimized with the Yoast SEO plugin v16.4 - https:\/\/yoast.com\/wordpress\/plugins\/seo\/ -->\n<title>Sommard\u00e4ck datum (Man byter senast 15 april) - Hjulonline<\/title>\n<meta name=\"description\" content=\"Genom att k\u00e4nna till r\u00e4tt sommard\u00e4ck datum s\u00e5 blir allt enklare. Du beh\u00f6ver byta senast 15 april annars \u00e4r b\u00f6teslappen 500 riksdaler.\" \/>\n<meta name=\"robots\" content=\"index, follow, max-snippet:-1, max-image-preview:large, max-video-preview:-1\" \/>\n<link rel=\"canonical\" href=\"https:\/\/www.hjulonline.se\/blog\/sommardack-datum\/\" \/>\n<meta property=\"og:locale\" content=\"sv_SE\" \/>\n<meta property=\"og:type\" content=\"article\" \/>\n<meta property=\"og:title\" content=\"Sommard\u00e4ck datum (Man byter senast 15 april) - Hjulonline\" \/>\n<meta property=\"og:description\" content=\"Genom att k\u00e4nna till r\u00e4tt sommard\u00e4ck datum s\u00e5 blir allt enklare. Du beh\u00f6ver byta senast 15 april annars \u00e4r b\u00f6teslappen 500 riksdaler.\" \/>\n<meta property=\"og:url\" content=\"https:\/\/www.hjulonline.se\/blog\/sommardack-datum\/\" \/>\n<meta property=\"og:site_name\" content=\"Kunskapsbanken fr\u00e5n hjulonline.se\" \/>\n<meta property=\"article:publisher\" content=\"https:\/\/www.facebook.com\/hjulonline\" \/>\n<meta property=\"article:published_time\" content=\"2021-04-22T13:00:38+00:00\" \/>\n<meta property=\"article:modified_time\" content=\"2021-09-21T07:31:53+00:00\" \/>\n<meta property=\"og:image\" content=\"https:\/\/www.hjulonline.se\/blog\/wp-content\/uploads\/2021\/04\/dack.jpg\" \/>\n\t<meta property=\"og:image:width\" content=\"855\" \/>\n\t<meta property=\"og:image:height\" content=\"530\" \/>\n<meta name=\"twitter:card\" content=\"summary_large_image\" \/>\n<meta name=\"twitter:label1\" content=\"Est. reading time\" \/>\n\t<meta name=\"twitter:data1\" content=\"4 minuter\" \/>\n<script type=\"application\/ld+json\" class=\"yoast-schema-graph\">{\"@context\":\"https:\/\/schema.org\",\"@graph\":[{\"@type\":\"Organization\",\"@id\":\"https:\/\/www.hjulonline.se\/blog\/#organization\",\"name\":\"Svenska hjulonline\",\"url\":\"https:\/\/www.hjulonline.se\/blog\/\",\"sameAs\":[\"https:\/\/www.facebook.com\/hjulonline\",\"https:\/\/www.instagram.com\/hjulonline\/\",\"https:\/\/www.youtube.com\/channel\/UCu0mUV4TXmSxEU_ZWrXQe0Q\/featured\"],\"logo\":{\"@type\":\"ImageObject\",\"@id\":\"https:\/\/www.hjulonline.se\/blog\/#logo\",\"inLanguage\":\"sv-SE\",\"url\":\"https:\/\/www.hjulonline.se\/blog\/wp-content\/uploads\/2021\/04\/Svenska-1-1.png\",\"contentUrl\":\"https:\/\/www.hjulonline.se\/blog\/wp-content\/uploads\/2021\/04\/Svenska-1-1.png\",\"width\":1000,\"height\":280,\"caption\":\"Svenska hjulonline\"},\"image\":{\"@id\":\"https:\/\/www.hjulonline.se\/blog\/#logo\"}},{\"@type\":\"WebSite\",\"@id\":\"https:\/\/www.hjulonline.se\/blog\/#website\",\"url\":\"https:\/\/www.hjulonline.se\/blog\/\",\"name\":\"Kunskapsbanken fr\\u00e5n hjulonline.se\",\"description\":\"Allt inom d\\u00e4ck och f\\u00e4lg\",\"publisher\":{\"@id\":\"https:\/\/www.hjulonline.se\/blog\/#organization\"},\"potentialAction\":[{\"@type\":\"SearchAction\",\"target\":\"https:\/\/www.hjulonline.se\/blog\/?s={search_term_string}\",\"query-input\":\"required name=search_term_string\"}],\"inLanguage\":\"sv-SE\"},{\"@type\":\"ImageObject\",\"@id\":\"https:\/\/www.hjulonline.se\/blog\/sommardack-datum\/#primaryimage\",\"inLanguage\":\"sv-SE\",\"url\":\"https:\/\/www.hjulonline.se\/blog\/wp-content\/uploads\/2021\/04\/dack.jpg\",\"contentUrl\":\"https:\/\/www.hjulonline.se\/blog\/wp-content\/uploads\/2021\/04\/dack.jpg\",\"width\":855,\"height\":530,\"caption\":\"d\\u00e4ck\"},{\"@type\":\"WebPage\",\"@id\":\"https:\/\/www.hjulonline.se\/blog\/sommardack-datum\/#webpage\",\"url\":\"https:\/\/www.hjulonline.se\/blog\/sommardack-datum\/\",\"name\":\"Sommard\\u00e4ck datum (Man byter senast 15 april) - Hjulonline\",\"isPartOf\":{\"@id\":\"https:\/\/www.hjulonline.se\/blog\/#website\"},\"primaryImageOfPage\":{\"@id\":\"https:\/\/www.hjulonline.se\/blog\/sommardack-datum\/#primaryimage\"},\"datePublished\":\"2021-04-22T13:00:38+00:00\",\"dateModified\":\"2021-09-21T07:31:53+00:00\",\"description\":\"Genom att k\\u00e4nna till r\\u00e4tt sommard\\u00e4ck datum s\\u00e5 blir allt enklare. Du beh\\u00f6ver byta senast 15 april annars \\u00e4r b\\u00f6teslappen 500 riksdaler.\",\"breadcrumb\":{\"@id\":\"https:\/\/www.hjulonline.se\/blog\/sommardack-datum\/#breadcrumb\"},\"inLanguage\":\"sv-SE\",\"potentialAction\":[{\"@type\":\"ReadAction\",\"target\":[\"https:\/\/www.hjulonline.se\/blog\/sommardack-datum\/\"]}]},{\"@type\":\"BreadcrumbList\",\"@id\":\"https:\/\/www.hjulonline.se\/blog\/sommardack-datum\/#breadcrumb\",\"itemListElement\":[{\"@type\":\"ListItem\",\"position\":1,\"item\":{\"@type\":\"WebPage\",\"@id\":\"https:\/\/www.hjulonline.se\/blog\/\",\"url\":\"https:\/\/www.hjulonline.se\/blog\/\",\"name\":\"Hem\"}},{\"@type\":\"ListItem\",\"position\":2,\"item\":{\"@id\":\"https:\/\/www.hjulonline.se\/blog\/sommardack-datum\/#webpage\"}}]},{\"@type\":\"Article\",\"@id\":\"https:\/\/www.hjulonline.se\/blog\/sommardack-datum\/#article\",\"isPartOf\":{\"@id\":\"https:\/\/www.hjulonline.se\/blog\/sommardack-datum\/#webpage\"},\"author\":{\"@id\":\"https:\/\/www.hjulonline.se\/blog\/#\/schema\/person\/62bd3d8b7d2b48d342a9c3053eca831f\"},\"headline\":\"Sommard\\u00e4ck datum &#8211; vad g\\u00e4ller?\",\"datePublished\":\"2021-04-22T13:00:38+00:00\",\"dateModified\":\"2021-09-21T07:31:53+00:00\",\"mainEntityOfPage\":{\"@id\":\"https:\/\/www.hjulonline.se\/blog\/sommardack-datum\/#webpage\"},\"wordCount\":834,\"commentCount\":0,\"publisher\":{\"@id\":\"https:\/\/www.hjulonline.se\/blog\/#organization\"},\"image\":{\"@id\":\"https:\/\/www.hjulonline.se\/blog\/sommardack-datum\/#primaryimage\"},\"thumbnailUrl\":\"https:\/\/www.hjulonline.se\/blog\/wp-content\/uploads\/2021\/04\/dack.jpg\",\"articleSection\":[\"D\\u00e4ckfakta\"],\"inLanguage\":\"sv-SE\",\"potentialAction\":[{\"@type\":\"CommentAction\",\"name\":\"Comment\",\"target\":[\"https:\/\/www.hjulonline.se\/blog\/sommardack-datum\/#respond\"]}]},{\"@type\":\"Person\",\"@id\":\"https:\/\/www.hjulonline.se\/blog\/#\/schema\/person\/62bd3d8b7d2b48d342a9c3053eca831f\",\"name\":\"Simon Andersson\",\"image\":{\"@type\":\"ImageObject\",\"@id\":\"https:\/\/www.hjulonline.se\/blog\/#personlogo\",\"inLanguage\":\"sv-SE\",\"url\":\"https:\/\/secure.gravatar.com\/avatar\/1e9a4d027c005e0f8d00d1b56cba77be?s=96&d=mm&r=g\",\"contentUrl\":\"https:\/\/secure.gravatar.com\/avatar\/1e9a4d027c005e0f8d00d1b56cba77be?s=96&d=mm&r=g\",\"caption\":\"Simon Andersson\"},\"description\":\"Kul att du hittat hit! Vi \\u00e4lskar bra inneh\\u00e5ll och publicerar d\\u00e4rf\\u00f6r regelbundna expert-inl\\u00e4gg. Jag som bloggar h\\u00e4r heter Simon och \\u00e4r fotograf samt e-handelsansvarig p\\u00e5 Svenska Hjulonline.\",\"sameAs\":[\"https:\/\/www.hjulonline.se\/blog\/\"],\"url\":\"https:\/\/www.hjulonline.se\/blog\/author\/hjulonline\/\"}]}<\/script>\n<!-- \/ Yoast SEO plugin. -->","_links":{"self":[{"href":"https:\/\/www.hjulonline.se\/blog\/wp-json\/wp\/v2\/posts\/349"}],"collection":[{"href":"https:\/\/www.hjulonline.se\/blog\/wp-json\/wp\/v2\/posts"}],"about":[{"href":"https:\/\/www.hjulonline.se\/blog\/wp-json\/wp\/v2\/types\/post"}],"author":[{"embeddable":true,"href":"https:\/\/www.hjulonline.se\/blog\/wp-json\/wp\/v2\/users\/1"}],"replies":[{"embeddable":true,"href":"https:\/\/www.hjulonline.se\/blog\/wp-json\/wp\/v2\/comments?post=349"}],"version-history":[{"count":2,"href":"https:\/\/www.hjulonline.se\/blog\/wp-json\/wp\/v2\/posts\/349\/revisions"}],"predecessor-version":[{"id":522,"href":"https:\/\/www.hjulonline.se\/blog\/wp-json\/wp\/v2\/posts\/349\/revisions\/522"}],"wp:featuredmedia":[{"embeddable":true,"href":"https:\/\/www.hjulonline.se\/blog\/wp-json\/wp\/v2\/media\/245"}],"wp:attachment":[{"href":"https:\/\/www.hjulonline.se\/blog\/wp-json\/wp\/v2\/media?parent=349"}],"wp:term":[{"taxonomy":"category","embeddable":true,"href":"https:\/\/www.hjulonline.se\/blog\/wp-json\/wp\/v2\/categories?post=349"},{"taxonomy":"post_tag","embeddable":true,"href":"https:\/\/www.hjulonline.se\/blog\/wp-json\/wp\/v2\/tags?post=349"}],"curies":[{"name":"wp","href":"https:\/\/api.w.org\/{rel}","templated":true}]}}